{"id":35868,"date":"2024-12-04T14:35:03","date_gmt":"2024-12-04T14:35:03","guid":{"rendered":"https:\/\/cortartec.net\/2024\/12\/04\/doacao-centro-de-reabilitacao-de-apoio-a-feridos-da-ucrania\/"},"modified":"2026-05-12T11:25:45","modified_gmt":"2026-05-12T11:25:45","slug":"donacion-centro-de-rehabilitacion-que-apoya-a-personas-heridas-de-ucrania","status":"publish","type":"post","link":"https:\/\/cortartec.net\/es\/donacion-centro-de-rehabilitacion-que-apoya-a-personas-heridas-de-ucrania\/","title":{"rendered":"Donaci\u00f3n \u2013 Centro de rehabilitaci\u00f3n que apoya a personas heridas de Ucrania"},"content":{"rendered":"<p>Nos complace anunciar la contribuci\u00f3n de CORTARTEC, con su sistema de cortinas hospitalarias, al nuevo Centro de Rehabilitaci\u00f3n \u00abFENIX UAPT\u00bb para refugiados heridos de Ucrania en Our\u00e9m,<\/p>\n<p><a href=\"https:\/\/helpua.pt\/pt\">helpua.pt \u2013 Refugiados ucranianos UAPT<\/a><\/p>\n<p><a href=\"https:\/\/www.dn.pt\/7288487431\/centro-de-recuperacao-para-feridos-ucranianos-em-ourem-deve-abrir-em-marco\/\">El centro de recuperaci\u00f3n para heridos ucranianos en Our\u00e9m abrir\u00e1 sus puertas en marzo (dn.pt)<\/a><\/p>\n<p>El centro se inaugur\u00f3 el pasado 15 de junio de 2024, y todo el equipo de CORTARTEC agradece el contacto y la confianza depositada en nuestros productos, que nos ha permitido formar parte de esta iniciativa tan bonita y solidaria.<\/p>\n<p>Esperamos que todos los heridos se recuperen y vuelvan a tener la vida digna que siempre han tenido y que se merecen.<\/p>\n<p>\u00a1Y que esta guerra termine cuanto antes!<\/p>\n<p>&nbsp;<\/p>\n","protected":false},"excerpt":{"rendered":"<p>Nos complace anunciar la contribuci\u00f3n de CORTARTEC, con su sistema de cortinas hospitalarias, al nuevo Centro de Rehabilitaci\u00f3n \u00abFENIX UAPT\u00bb<\/p>\n","protected":false},"author":1,"featured_media":35869,"comment_status":"open","ping_status":"open","sticky":false,"template":"","format":"standard","meta":{"footnotes":""},"categories":[263],"tags":[278,279,280,281,282,283,284],"class_list":["post-35868","post","type-post","status-publish","format-standard","has-post-thumbnail","hentry","category-sin-categorizar","tag-centrodereabilitacao","tag-helpua","tag-ourem","tag-portugal","tag-refugiados","tag-sistemadecortinashospitalares","tag-ucrania"],"yoast_head":"<!-- This site is optimized with the Yoast SEO plugin v28.4 - https:\/\/yoast.com\/product\/yoast-seo-wordpress\/ -->\n<title>Donaci\u00f3n \u2013 Centro de rehabilitaci\u00f3n que apoya a personas heridas de Ucrania - Cortartec | Equipamentos para a constru\u00e7\u00e3o civil<\/title>\n<meta name=\"robots\" content=\"index, follow, max-snippet:-1, max-image-preview:large, max-video-preview:-1\" \/>\n<link rel=\"canonical\" href=\"https:\/\/cortartec.net\/es\/donacion-centro-de-rehabilitacion-que-apoya-a-personas-heridas-de-ucrania\/\" \/>\n<meta property=\"og:locale\" content=\"es_ES\" \/>\n<meta property=\"og:type\" content=\"article\" \/>\n<meta property=\"og:title\" content=\"Donaci\u00f3n \u2013 Centro de rehabilitaci\u00f3n que apoya a personas heridas de Ucrania - Cortartec | Equipamentos para a constru\u00e7\u00e3o civil\" \/>\n<meta property=\"og:description\" content=\"Nos complace anunciar la contribuci\u00f3n de CORTARTEC, con su sistema de cortinas hospitalarias, al nuevo Centro de Rehabilitaci\u00f3n \u00abFENIX UAPT\u00bb\" \/>\n<meta property=\"og:url\" content=\"https:\/\/cortartec.net\/es\/donacion-centro-de-rehabilitacion-que-apoya-a-personas-heridas-de-ucrania\/\" \/>\n<meta property=\"og:site_name\" content=\"Cortartec | Equipamentos para a constru\u00e7\u00e3o civil\" \/>\n<meta property=\"article:published_time\" content=\"2024-12-04T14:35:03+00:00\" \/>\n<meta property=\"article:modified_time\" content=\"2026-05-12T11:25:45+00:00\" \/>\n<meta property=\"og:image\" content=\"https:\/\/cortartec.net\/wp-content\/uploads\/2024\/12\/cover1.jpg\" \/>\n\t<meta property=\"og:image:width\" content=\"900\" \/>\n\t<meta property=\"og:image:height\" content=\"550\" \/>\n\t<meta property=\"og:image:type\" content=\"image\/jpeg\" \/>\n<meta name=\"author\" content=\"cortartec\" \/>\n<meta name=\"twitter:card\" content=\"summary_large_image\" \/>\n<meta name=\"twitter:label1\" content=\"Escrito por\" \/>\n\t<meta name=\"twitter:data1\" content=\"cortartec\" \/>\n\t<meta name=\"twitter:label2\" content=\"Tiempo de lectura\" \/>\n\t<meta name=\"twitter:data2\" content=\"1 minuto\" \/>\n<script type=\"application\/ld+json\" class=\"yoast-schema-graph\">{\"@context\":\"https:\\\/\\\/schema.org\",\"@graph\":[{\"@type\":\"Article\",\"@id\":\"https:\\\/\\\/cortartec.net\\\/es\\\/donacion-centro-de-rehabilitacion-que-apoya-a-personas-heridas-de-ucrania\\\/#article\",\"isPartOf\":{\"@id\":\"https:\\\/\\\/cortartec.net\\\/es\\\/donacion-centro-de-rehabilitacion-que-apoya-a-personas-heridas-de-ucrania\\\/\"},\"author\":{\"name\":\"cortartec\",\"@id\":\"https:\\\/\\\/cortartec.net\\\/es\\\/#\\\/schema\\\/person\\\/e738f9e9498c3f8037a19f7339eb74a4\"},\"headline\":\"Donaci\u00f3n \u2013 Centro de rehabilitaci\u00f3n que apoya a personas heridas de Ucrania\",\"datePublished\":\"2024-12-04T14:35:03+00:00\",\"dateModified\":\"2026-05-12T11:25:45+00:00\",\"mainEntityOfPage\":{\"@id\":\"https:\\\/\\\/cortartec.net\\\/es\\\/donacion-centro-de-rehabilitacion-que-apoya-a-personas-heridas-de-ucrania\\\/\"},\"wordCount\":134,\"commentCount\":0,\"image\":{\"@id\":\"https:\\\/\\\/cortartec.net\\\/es\\\/donacion-centro-de-rehabilitacion-que-apoya-a-personas-heridas-de-ucrania\\\/#primaryimage\"},\"thumbnailUrl\":\"https:\\\/\\\/cortartec.net\\\/wp-content\\\/uploads\\\/2024\\\/12\\\/cover1.jpg\",\"keywords\":[\"centrodereabilita\u00e7\u00e3o\",\"helpua\",\"ourem\",\"portugal\",\"refugiados\",\"sistemadecortinashospitalares\",\"ucrania\"],\"articleSection\":[\"Sin categorizar\"],\"inLanguage\":\"es\",\"potentialAction\":[{\"@type\":\"CommentAction\",\"name\":\"Comment\",\"target\":[\"https:\\\/\\\/cortartec.net\\\/es\\\/donacion-centro-de-rehabilitacion-que-apoya-a-personas-heridas-de-ucrania\\\/#respond\"]}]},{\"@type\":\"WebPage\",\"@id\":\"https:\\\/\\\/cortartec.net\\\/es\\\/donacion-centro-de-rehabilitacion-que-apoya-a-personas-heridas-de-ucrania\\\/\",\"url\":\"https:\\\/\\\/cortartec.net\\\/es\\\/donacion-centro-de-rehabilitacion-que-apoya-a-personas-heridas-de-ucrania\\\/\",\"name\":\"Donaci\u00f3n \u2013 Centro de rehabilitaci\u00f3n que apoya a personas heridas de Ucrania - Cortartec | Equipamentos para a constru\u00e7\u00e3o civil\",\"isPartOf\":{\"@id\":\"https:\\\/\\\/cortartec.net\\\/es\\\/#website\"},\"primaryImageOfPage\":{\"@id\":\"https:\\\/\\\/cortartec.net\\\/es\\\/donacion-centro-de-rehabilitacion-que-apoya-a-personas-heridas-de-ucrania\\\/#primaryimage\"},\"image\":{\"@id\":\"https:\\\/\\\/cortartec.net\\\/es\\\/donacion-centro-de-rehabilitacion-que-apoya-a-personas-heridas-de-ucrania\\\/#primaryimage\"},\"thumbnailUrl\":\"https:\\\/\\\/cortartec.net\\\/wp-content\\\/uploads\\\/2024\\\/12\\\/cover1.jpg\",\"datePublished\":\"2024-12-04T14:35:03+00:00\",\"dateModified\":\"2026-05-12T11:25:45+00:00\",\"author\":{\"@id\":\"https:\\\/\\\/cortartec.net\\\/es\\\/#\\\/schema\\\/person\\\/e738f9e9498c3f8037a19f7339eb74a4\"},\"breadcrumb\":{\"@id\":\"https:\\\/\\\/cortartec.net\\\/es\\\/donacion-centro-de-rehabilitacion-que-apoya-a-personas-heridas-de-ucrania\\\/#breadcrumb\"},\"inLanguage\":\"es\",\"potentialAction\":[{\"@type\":\"ReadAction\",\"target\":[\"https:\\\/\\\/cortartec.net\\\/es\\\/donacion-centro-de-rehabilitacion-que-apoya-a-personas-heridas-de-ucrania\\\/\"]}]},{\"@type\":\"ImageObject\",\"inLanguage\":\"es\",\"@id\":\"https:\\\/\\\/cortartec.net\\\/es\\\/donacion-centro-de-rehabilitacion-que-apoya-a-personas-heridas-de-ucrania\\\/#primaryimage\",\"url\":\"https:\\\/\\\/cortartec.net\\\/wp-content\\\/uploads\\\/2024\\\/12\\\/cover1.jpg\",\"contentUrl\":\"https:\\\/\\\/cortartec.net\\\/wp-content\\\/uploads\\\/2024\\\/12\\\/cover1.jpg\",\"width\":900,\"height\":550},{\"@type\":\"BreadcrumbList\",\"@id\":\"https:\\\/\\\/cortartec.net\\\/es\\\/donacion-centro-de-rehabilitacion-que-apoya-a-personas-heridas-de-ucrania\\\/#breadcrumb\",\"itemListElement\":[{\"@type\":\"ListItem\",\"position\":1,\"name\":\"In\u00edcio\",\"item\":\"https:\\\/\\\/cortartec.net\\\/es\\\/\"},{\"@type\":\"ListItem\",\"position\":2,\"name\":\"Donaci\u00f3n \u2013 Centro de rehabilitaci\u00f3n que apoya a personas heridas de Ucrania\"}]},{\"@type\":\"WebSite\",\"@id\":\"https:\\\/\\\/cortartec.net\\\/es\\\/#website\",\"url\":\"https:\\\/\\\/cortartec.net\\\/es\\\/\",\"name\":\"Cortartec | Equipamentos para a constru\u00e7\u00e3o civil\",\"description\":\"Engenharia Industrial\",\"potentialAction\":[{\"@type\":\"SearchAction\",\"target\":{\"@type\":\"EntryPoint\",\"urlTemplate\":\"https:\\\/\\\/cortartec.net\\\/es\\\/?s={search_term_string}\"},\"query-input\":{\"@type\":\"PropertyValueSpecification\",\"valueRequired\":true,\"valueName\":\"search_term_string\"}}],\"inLanguage\":\"es\"},{\"@type\":\"Person\",\"@id\":\"https:\\\/\\\/cortartec.net\\\/es\\\/#\\\/schema\\\/person\\\/e738f9e9498c3f8037a19f7339eb74a4\",\"name\":\"cortartec\",\"image\":{\"@type\":\"ImageObject\",\"inLanguage\":\"es\",\"@id\":\"https:\\\/\\\/secure.gravatar.com\\\/avatar\\\/0f6a6cadce8877b5113273b964eb499d3dcb38c0b4205c07ad61b02c676ed1c1?s=96&d=mm&r=g\",\"url\":\"https:\\\/\\\/secure.gravatar.com\\\/avatar\\\/0f6a6cadce8877b5113273b964eb499d3dcb38c0b4205c07ad61b02c676ed1c1?s=96&d=mm&r=g\",\"contentUrl\":\"https:\\\/\\\/secure.gravatar.com\\\/avatar\\\/0f6a6cadce8877b5113273b964eb499d3dcb38c0b4205c07ad61b02c676ed1c1?s=96&d=mm&r=g\",\"caption\":\"cortartec\"},\"sameAs\":[\"https:\\\/\\\/cortartec.net\"],\"url\":\"https:\\\/\\\/cortartec.net\\\/es\\\/author\\\/cortartec\\\/\"}]}<\/script>\n<!-- \/ Yoast SEO plugin. -->","yoast_head_json":{"title":"Donaci\u00f3n \u2013 Centro de rehabilitaci\u00f3n que apoya a personas heridas de Ucrania - Cortartec | Equipamentos para a constru\u00e7\u00e3o civil","robots":{"index":"index","follow":"follow","max-snippet":"max-snippet:-1","max-image-preview":"max-image-preview:large","max-video-preview":"max-video-preview:-1"},"canonical":"https:\/\/cortartec.net\/es\/donacion-centro-de-rehabilitacion-que-apoya-a-personas-heridas-de-ucrania\/","og_locale":"es_ES","og_type":"article","og_title":"Donaci\u00f3n \u2013 Centro de rehabilitaci\u00f3n que apoya a personas heridas de Ucrania - Cortartec | Equipamentos para a constru\u00e7\u00e3o civil","og_description":"Nos complace anunciar la contribuci\u00f3n de CORTARTEC, con su sistema de cortinas hospitalarias, al nuevo Centro de Rehabilitaci\u00f3n \u00abFENIX UAPT\u00bb","og_url":"https:\/\/cortartec.net\/es\/donacion-centro-de-rehabilitacion-que-apoya-a-personas-heridas-de-ucrania\/","og_site_name":"Cortartec | Equipamentos para a constru\u00e7\u00e3o civil","article_published_time":"2024-12-04T14:35:03+00:00","article_modified_time":"2026-05-12T11:25:45+00:00","og_image":[{"width":900,"height":550,"url":"https:\/\/cortartec.net\/wp-content\/uploads\/2024\/12\/cover1.jpg","type":"image\/jpeg"}],"author":"cortartec","twitter_card":"summary_large_image","twitter_misc":{"Escrito por":"cortartec","Tiempo de lectura":"1 minuto"},"schema":{"@context":"https:\/\/schema.org","@graph":[{"@type":"Article","@id":"https:\/\/cortartec.net\/es\/donacion-centro-de-rehabilitacion-que-apoya-a-personas-heridas-de-ucrania\/#article","isPartOf":{"@id":"https:\/\/cortartec.net\/es\/donacion-centro-de-rehabilitacion-que-apoya-a-personas-heridas-de-ucrania\/"},"author":{"name":"cortartec","@id":"https:\/\/cortartec.net\/es\/#\/schema\/person\/e738f9e9498c3f8037a19f7339eb74a4"},"headline":"Donaci\u00f3n \u2013 Centro de rehabilitaci\u00f3n que apoya a personas heridas de Ucrania","datePublished":"2024-12-04T14:35:03+00:00","dateModified":"2026-05-12T11:25:45+00:00","mainEntityOfPage":{"@id":"https:\/\/cortartec.net\/es\/donacion-centro-de-rehabilitacion-que-apoya-a-personas-heridas-de-ucrania\/"},"wordCount":134,"commentCount":0,"image":{"@id":"https:\/\/cortartec.net\/es\/donacion-centro-de-rehabilitacion-que-apoya-a-personas-heridas-de-ucrania\/#primaryimage"},"thumbnailUrl":"https:\/\/cortartec.net\/wp-content\/uploads\/2024\/12\/cover1.jpg","keywords":["centrodereabilita\u00e7\u00e3o","helpua","ourem","portugal","refugiados","sistemadecortinashospitalares","ucrania"],"articleSection":["Sin categorizar"],"inLanguage":"es","potentialAction":[{"@type":"CommentAction","name":"Comment","target":["https:\/\/cortartec.net\/es\/donacion-centro-de-rehabilitacion-que-apoya-a-personas-heridas-de-ucrania\/#respond"]}]},{"@type":"WebPage","@id":"https:\/\/cortartec.net\/es\/donacion-centro-de-rehabilitacion-que-apoya-a-personas-heridas-de-ucrania\/","url":"https:\/\/cortartec.net\/es\/donacion-centro-de-rehabilitacion-que-apoya-a-personas-heridas-de-ucrania\/","name":"Donaci\u00f3n \u2013 Centro de rehabilitaci\u00f3n que apoya a personas heridas de Ucrania - Cortartec | Equipamentos para a constru\u00e7\u00e3o civil","isPartOf":{"@id":"https:\/\/cortartec.net\/es\/#website"},"primaryImageOfPage":{"@id":"https:\/\/cortartec.net\/es\/donacion-centro-de-rehabilitacion-que-apoya-a-personas-heridas-de-ucrania\/#primaryimage"},"image":{"@id":"https:\/\/cortartec.net\/es\/donacion-centro-de-rehabilitacion-que-apoya-a-personas-heridas-de-ucrania\/#primaryimage"},"thumbnailUrl":"https:\/\/cortartec.net\/wp-content\/uploads\/2024\/12\/cover1.jpg","datePublished":"2024-12-04T14:35:03+00:00","dateModified":"2026-05-12T11:25:45+00:00","author":{"@id":"https:\/\/cortartec.net\/es\/#\/schema\/person\/e738f9e9498c3f8037a19f7339eb74a4"},"breadcrumb":{"@id":"https:\/\/cortartec.net\/es\/donacion-centro-de-rehabilitacion-que-apoya-a-personas-heridas-de-ucrania\/#breadcrumb"},"inLanguage":"es","potentialAction":[{"@type":"ReadAction","target":["https:\/\/cortartec.net\/es\/donacion-centro-de-rehabilitacion-que-apoya-a-personas-heridas-de-ucrania\/"]}]},{"@type":"ImageObject","inLanguage":"es","@id":"https:\/\/cortartec.net\/es\/donacion-centro-de-rehabilitacion-que-apoya-a-personas-heridas-de-ucrania\/#primaryimage","url":"https:\/\/cortartec.net\/wp-content\/uploads\/2024\/12\/cover1.jpg","contentUrl":"https:\/\/cortartec.net\/wp-content\/uploads\/2024\/12\/cover1.jpg","width":900,"height":550},{"@type":"BreadcrumbList","@id":"https:\/\/cortartec.net\/es\/donacion-centro-de-rehabilitacion-que-apoya-a-personas-heridas-de-ucrania\/#breadcrumb","itemListElement":[{"@type":"ListItem","position":1,"name":"In\u00edcio","item":"https:\/\/cortartec.net\/es\/"},{"@type":"ListItem","position":2,"name":"Donaci\u00f3n \u2013 Centro de rehabilitaci\u00f3n que apoya a personas heridas de Ucrania"}]},{"@type":"WebSite","@id":"https:\/\/cortartec.net\/es\/#website","url":"https:\/\/cortartec.net\/es\/","name":"Cortartec | Equipamentos para a constru\u00e7\u00e3o civil","description":"Engenharia Industrial","potentialAction":[{"@type":"SearchAction","target":{"@type":"EntryPoint","urlTemplate":"https:\/\/cortartec.net\/es\/?s={search_term_string}"},"query-input":{"@type":"PropertyValueSpecification","valueRequired":true,"valueName":"search_term_string"}}],"inLanguage":"es"},{"@type":"Person","@id":"https:\/\/cortartec.net\/es\/#\/schema\/person\/e738f9e9498c3f8037a19f7339eb74a4","name":"cortartec","image":{"@type":"ImageObject","inLanguage":"es","@id":"https:\/\/secure.gravatar.com\/avatar\/0f6a6cadce8877b5113273b964eb499d3dcb38c0b4205c07ad61b02c676ed1c1?s=96&d=mm&r=g","url":"https:\/\/secure.gravatar.com\/avatar\/0f6a6cadce8877b5113273b964eb499d3dcb38c0b4205c07ad61b02c676ed1c1?s=96&d=mm&r=g","contentUrl":"https:\/\/secure.gravatar.com\/avatar\/0f6a6cadce8877b5113273b964eb499d3dcb38c0b4205c07ad61b02c676ed1c1?s=96&d=mm&r=g","caption":"cortartec"},"sameAs":["https:\/\/cortartec.net"],"url":"https:\/\/cortartec.net\/es\/author\/cortartec\/"}]}},"_links":{"self":[{"href":"https:\/\/cortartec.net\/es\/wp-json\/wp\/v2\/posts\/35868","targetHints":{"allow":["GET"]}}],"collection":[{"href":"https:\/\/cortartec.net\/es\/wp-json\/wp\/v2\/posts"}],"about":[{"href":"https:\/\/cortartec.net\/es\/wp-json\/wp\/v2\/types\/post"}],"author":[{"embeddable":true,"href":"https:\/\/cortartec.net\/es\/wp-json\/wp\/v2\/users\/1"}],"replies":[{"embeddable":true,"href":"https:\/\/cortartec.net\/es\/wp-json\/wp\/v2\/comments?post=35868"}],"version-history":[{"count":2,"href":"https:\/\/cortartec.net\/es\/wp-json\/wp\/v2\/posts\/35868\/revisions"}],"predecessor-version":[{"id":35986,"href":"https:\/\/cortartec.net\/es\/wp-json\/wp\/v2\/posts\/35868\/revisions\/35986"}],"wp:featuredmedia":[{"embeddable":true,"href":"https:\/\/cortartec.net\/es\/wp-json\/wp\/v2\/media\/35869"}],"wp:attachment":[{"href":"https:\/\/cortartec.net\/es\/wp-json\/wp\/v2\/media?parent=35868"}],"wp:term":[{"taxonomy":"category","embeddable":true,"href":"https:\/\/cortartec.net\/es\/wp-json\/wp\/v2\/categories?post=35868"},{"taxonomy":"post_tag","embeddable":true,"href":"https:\/\/cortartec.net\/es\/wp-json\/wp\/v2\/tags?post=35868"}],"curies":[{"name":"wp","href":"https:\/\/api.w.org\/{rel}","templated":true}]}}