{"id":36149,"date":"2024-12-04T14:35:03","date_gmt":"2024-12-04T14:35:03","guid":{"rendered":"https:\/\/cortartec.net\/2024\/12\/04\/doacao-centro-de-reabilitacao-de-apoio-a-feridos-da-ucrania\/"},"modified":"2026-05-12T14:38:12","modified_gmt":"2026-05-12T14:38:12","slug":"don-centre-de-readaptation-venant-en-aide-aux-personnes-blessees-dukraine","status":"publish","type":"post","link":"https:\/\/cortartec.net\/fr\/don-centre-de-readaptation-venant-en-aide-aux-personnes-blessees-dukraine\/","title":{"rendered":"Don \u2013 Centre de r\u00e9adaptation venant en aide aux personnes bless\u00e9es d&rsquo;Ukraine"},"content":{"rendered":"<p>C&rsquo;est avec grand plaisir que nous annon\u00e7ons la contribution de CORTARTEC, qui a fourni un syst\u00e8me de rideaux hospitaliers au nouveau centre de r\u00e9\u00e9ducation \u00ab FENIX UAPT \u00bb destin\u00e9 aux r\u00e9fugi\u00e9s bless\u00e9s d&rsquo;Ukraine \u00e0 Our\u00e9m,<\/p>\n<p><a href=\"https:\/\/helpua.pt\/pt\">helpua.pt \u2013 R\u00e9fugi\u00e9s ukrainiens UAPT<\/a><\/p>\n<p><a href=\"https:\/\/www.dn.pt\/7288487431\/centro-de-recuperacao-para-feridos-ucranianos-em-ourem-deve-abrir-em-marco\/\">Le centre de r\u00e9\u00e9ducation pour les bless\u00e9s ukrainiens \u00e0 Our\u00e9m devrait ouvrir en mars (dn.pt)<\/a><\/p>\n<p>Le centre a \u00e9t\u00e9 inaugur\u00e9 le 15 juin 2024, et toute l&rsquo;\u00e9quipe CORTARTEC vous remercie de nous avoir contact\u00e9s et d&rsquo;avoir fait confiance \u00e0 nos produits, ce qui nous a permis de participer \u00e0 cette initiative si belle et solidaire.<\/p>\n<p>Nous esp\u00e9rons que tous les bless\u00e9s se r\u00e9tabliront et retrouveront la vie digne qu&rsquo;ils ont toujours eue et qu&rsquo;ils m\u00e9ritent d&rsquo;avoir.<\/p>\n<p>Et que cette guerre prenne fin, le plus t\u00f4t possible !<\/p>\n<p>&nbsp;<\/p>\n","protected":false},"excerpt":{"rendered":"<p>C&rsquo;est avec grand plaisir que nous annon\u00e7ons la contribution de CORTARTEC, qui a fourni un syst\u00e8me de rideaux hospitaliers au<\/p>\n","protected":false},"author":1,"featured_media":36150,"comment_status":"open","ping_status":"open","sticky":false,"template":"","format":"standard","meta":{"footnotes":""},"categories":[264],"tags":[287,288,289,290,291,292,293],"class_list":["post-36149","post","type-post","status-publish","format-standard","has-post-thumbnail","hentry","category-non-classe","tag-centrodereabilitacao","tag-helpua","tag-ourem","tag-portugal","tag-refugiados","tag-sistemadecortinashospitalares","tag-ucrania"],"yoast_head":"<!-- This site is optimized with the Yoast SEO plugin v28.4 - https:\/\/yoast.com\/product\/yoast-seo-wordpress\/ -->\n<title>Don \u2013 Centre de r\u00e9adaptation venant en aide aux personnes bless\u00e9es d&#039;Ukraine - Cortartec | Equipamentos para a constru\u00e7\u00e3o civil<\/title>\n<meta name=\"robots\" content=\"index, follow, max-snippet:-1, max-image-preview:large, max-video-preview:-1\" \/>\n<link rel=\"canonical\" href=\"https:\/\/cortartec.net\/fr\/don-centre-de-readaptation-venant-en-aide-aux-personnes-blessees-dukraine\/\" \/>\n<meta property=\"og:locale\" content=\"fr_FR\" \/>\n<meta property=\"og:type\" content=\"article\" \/>\n<meta property=\"og:title\" content=\"Don \u2013 Centre de r\u00e9adaptation venant en aide aux personnes bless\u00e9es d&#039;Ukraine - Cortartec | Equipamentos para a constru\u00e7\u00e3o civil\" \/>\n<meta property=\"og:description\" content=\"C&rsquo;est avec grand plaisir que nous annon\u00e7ons la contribution de CORTARTEC, qui a fourni un syst\u00e8me de rideaux hospitaliers au\" \/>\n<meta property=\"og:url\" content=\"https:\/\/cortartec.net\/fr\/don-centre-de-readaptation-venant-en-aide-aux-personnes-blessees-dukraine\/\" \/>\n<meta property=\"og:site_name\" content=\"Cortartec | Equipamentos para a constru\u00e7\u00e3o civil\" \/>\n<meta property=\"article:published_time\" content=\"2024-12-04T14:35:03+00:00\" \/>\n<meta property=\"article:modified_time\" content=\"2026-05-12T14:38:12+00:00\" \/>\n<meta property=\"og:image\" content=\"https:\/\/cortartec.net\/wp-content\/uploads\/2024\/12\/cover1.jpg\" \/>\n\t<meta property=\"og:image:width\" content=\"900\" \/>\n\t<meta property=\"og:image:height\" content=\"550\" \/>\n\t<meta property=\"og:image:type\" content=\"image\/jpeg\" \/>\n<meta name=\"author\" content=\"cortartec\" \/>\n<meta name=\"twitter:card\" content=\"summary_large_image\" \/>\n<meta name=\"twitter:label1\" content=\"\u00c9crit par\" \/>\n\t<meta name=\"twitter:data1\" content=\"cortartec\" \/>\n\t<meta name=\"twitter:label2\" content=\"Dur\u00e9e de lecture estim\u00e9e\" \/>\n\t<meta name=\"twitter:data2\" content=\"1 minute\" \/>\n<script type=\"application\/ld+json\" class=\"yoast-schema-graph\">{\"@context\":\"https:\\\/\\\/schema.org\",\"@graph\":[{\"@type\":\"Article\",\"@id\":\"https:\\\/\\\/cortartec.net\\\/fr\\\/don-centre-de-readaptation-venant-en-aide-aux-personnes-blessees-dukraine\\\/#article\",\"isPartOf\":{\"@id\":\"https:\\\/\\\/cortartec.net\\\/fr\\\/don-centre-de-readaptation-venant-en-aide-aux-personnes-blessees-dukraine\\\/\"},\"author\":{\"name\":\"cortartec\",\"@id\":\"https:\\\/\\\/cortartec.net\\\/fr\\\/#\\\/schema\\\/person\\\/e738f9e9498c3f8037a19f7339eb74a4\"},\"headline\":\"Don \u2013 Centre de r\u00e9adaptation venant en aide aux personnes bless\u00e9es d&rsquo;Ukraine\",\"datePublished\":\"2024-12-04T14:35:03+00:00\",\"dateModified\":\"2026-05-12T14:38:12+00:00\",\"mainEntityOfPage\":{\"@id\":\"https:\\\/\\\/cortartec.net\\\/fr\\\/don-centre-de-readaptation-venant-en-aide-aux-personnes-blessees-dukraine\\\/\"},\"wordCount\":159,\"commentCount\":0,\"image\":{\"@id\":\"https:\\\/\\\/cortartec.net\\\/fr\\\/don-centre-de-readaptation-venant-en-aide-aux-personnes-blessees-dukraine\\\/#primaryimage\"},\"thumbnailUrl\":\"https:\\\/\\\/cortartec.net\\\/wp-content\\\/uploads\\\/2024\\\/12\\\/cover1.jpg\",\"keywords\":[\"centrodereabilita\u00e7\u00e3o\",\"helpua\",\"ourem\",\"portugal\",\"refugiados\",\"sistemadecortinashospitalares\",\"ucrania\"],\"inLanguage\":\"fr-FR\",\"potentialAction\":[{\"@type\":\"CommentAction\",\"name\":\"Comment\",\"target\":[\"https:\\\/\\\/cortartec.net\\\/fr\\\/don-centre-de-readaptation-venant-en-aide-aux-personnes-blessees-dukraine\\\/#respond\"]}]},{\"@type\":\"WebPage\",\"@id\":\"https:\\\/\\\/cortartec.net\\\/fr\\\/don-centre-de-readaptation-venant-en-aide-aux-personnes-blessees-dukraine\\\/\",\"url\":\"https:\\\/\\\/cortartec.net\\\/fr\\\/don-centre-de-readaptation-venant-en-aide-aux-personnes-blessees-dukraine\\\/\",\"name\":\"Don \u2013 Centre de r\u00e9adaptation venant en aide aux personnes bless\u00e9es d'Ukraine - Cortartec | Equipamentos para a constru\u00e7\u00e3o civil\",\"isPartOf\":{\"@id\":\"https:\\\/\\\/cortartec.net\\\/fr\\\/#website\"},\"primaryImageOfPage\":{\"@id\":\"https:\\\/\\\/cortartec.net\\\/fr\\\/don-centre-de-readaptation-venant-en-aide-aux-personnes-blessees-dukraine\\\/#primaryimage\"},\"image\":{\"@id\":\"https:\\\/\\\/cortartec.net\\\/fr\\\/don-centre-de-readaptation-venant-en-aide-aux-personnes-blessees-dukraine\\\/#primaryimage\"},\"thumbnailUrl\":\"https:\\\/\\\/cortartec.net\\\/wp-content\\\/uploads\\\/2024\\\/12\\\/cover1.jpg\",\"datePublished\":\"2024-12-04T14:35:03+00:00\",\"dateModified\":\"2026-05-12T14:38:12+00:00\",\"author\":{\"@id\":\"https:\\\/\\\/cortartec.net\\\/fr\\\/#\\\/schema\\\/person\\\/e738f9e9498c3f8037a19f7339eb74a4\"},\"breadcrumb\":{\"@id\":\"https:\\\/\\\/cortartec.net\\\/fr\\\/don-centre-de-readaptation-venant-en-aide-aux-personnes-blessees-dukraine\\\/#breadcrumb\"},\"inLanguage\":\"fr-FR\",\"potentialAction\":[{\"@type\":\"ReadAction\",\"target\":[\"https:\\\/\\\/cortartec.net\\\/fr\\\/don-centre-de-readaptation-venant-en-aide-aux-personnes-blessees-dukraine\\\/\"]}]},{\"@type\":\"ImageObject\",\"inLanguage\":\"fr-FR\",\"@id\":\"https:\\\/\\\/cortartec.net\\\/fr\\\/don-centre-de-readaptation-venant-en-aide-aux-personnes-blessees-dukraine\\\/#primaryimage\",\"url\":\"https:\\\/\\\/cortartec.net\\\/wp-content\\\/uploads\\\/2024\\\/12\\\/cover1.jpg\",\"contentUrl\":\"https:\\\/\\\/cortartec.net\\\/wp-content\\\/uploads\\\/2024\\\/12\\\/cover1.jpg\",\"width\":900,\"height\":550},{\"@type\":\"BreadcrumbList\",\"@id\":\"https:\\\/\\\/cortartec.net\\\/fr\\\/don-centre-de-readaptation-venant-en-aide-aux-personnes-blessees-dukraine\\\/#breadcrumb\",\"itemListElement\":[{\"@type\":\"ListItem\",\"position\":1,\"name\":\"In\u00edcio\",\"item\":\"https:\\\/\\\/cortartec.net\\\/fr\\\/\"},{\"@type\":\"ListItem\",\"position\":2,\"name\":\"Don \u2013 Centre de r\u00e9adaptation venant en aide aux personnes bless\u00e9es d&#8217;Ukraine\"}]},{\"@type\":\"WebSite\",\"@id\":\"https:\\\/\\\/cortartec.net\\\/fr\\\/#website\",\"url\":\"https:\\\/\\\/cortartec.net\\\/fr\\\/\",\"name\":\"Cortartec | Equipamentos para a constru\u00e7\u00e3o civil\",\"description\":\"Engenharia Industrial\",\"potentialAction\":[{\"@type\":\"SearchAction\",\"target\":{\"@type\":\"EntryPoint\",\"urlTemplate\":\"https:\\\/\\\/cortartec.net\\\/fr\\\/?s={search_term_string}\"},\"query-input\":{\"@type\":\"PropertyValueSpecification\",\"valueRequired\":true,\"valueName\":\"search_term_string\"}}],\"inLanguage\":\"fr-FR\"},{\"@type\":\"Person\",\"@id\":\"https:\\\/\\\/cortartec.net\\\/fr\\\/#\\\/schema\\\/person\\\/e738f9e9498c3f8037a19f7339eb74a4\",\"name\":\"cortartec\",\"image\":{\"@type\":\"ImageObject\",\"inLanguage\":\"fr-FR\",\"@id\":\"https:\\\/\\\/secure.gravatar.com\\\/avatar\\\/0f6a6cadce8877b5113273b964eb499d3dcb38c0b4205c07ad61b02c676ed1c1?s=96&d=mm&r=g\",\"url\":\"https:\\\/\\\/secure.gravatar.com\\\/avatar\\\/0f6a6cadce8877b5113273b964eb499d3dcb38c0b4205c07ad61b02c676ed1c1?s=96&d=mm&r=g\",\"contentUrl\":\"https:\\\/\\\/secure.gravatar.com\\\/avatar\\\/0f6a6cadce8877b5113273b964eb499d3dcb38c0b4205c07ad61b02c676ed1c1?s=96&d=mm&r=g\",\"caption\":\"cortartec\"},\"sameAs\":[\"https:\\\/\\\/cortartec.net\"],\"url\":\"https:\\\/\\\/cortartec.net\\\/fr\\\/author\\\/cortartec\\\/\"}]}<\/script>\n<!-- \/ Yoast SEO plugin. -->","yoast_head_json":{"title":"Don \u2013 Centre de r\u00e9adaptation venant en aide aux personnes bless\u00e9es d'Ukraine - Cortartec | Equipamentos para a constru\u00e7\u00e3o civil","robots":{"index":"index","follow":"follow","max-snippet":"max-snippet:-1","max-image-preview":"max-image-preview:large","max-video-preview":"max-video-preview:-1"},"canonical":"https:\/\/cortartec.net\/fr\/don-centre-de-readaptation-venant-en-aide-aux-personnes-blessees-dukraine\/","og_locale":"fr_FR","og_type":"article","og_title":"Don \u2013 Centre de r\u00e9adaptation venant en aide aux personnes bless\u00e9es d'Ukraine - Cortartec | Equipamentos para a constru\u00e7\u00e3o civil","og_description":"C&rsquo;est avec grand plaisir que nous annon\u00e7ons la contribution de CORTARTEC, qui a fourni un syst\u00e8me de rideaux hospitaliers au","og_url":"https:\/\/cortartec.net\/fr\/don-centre-de-readaptation-venant-en-aide-aux-personnes-blessees-dukraine\/","og_site_name":"Cortartec | Equipamentos para a constru\u00e7\u00e3o civil","article_published_time":"2024-12-04T14:35:03+00:00","article_modified_time":"2026-05-12T14:38:12+00:00","og_image":[{"width":900,"height":550,"url":"https:\/\/cortartec.net\/wp-content\/uploads\/2024\/12\/cover1.jpg","type":"image\/jpeg"}],"author":"cortartec","twitter_card":"summary_large_image","twitter_misc":{"\u00c9crit par":"cortartec","Dur\u00e9e de lecture estim\u00e9e":"1 minute"},"schema":{"@context":"https:\/\/schema.org","@graph":[{"@type":"Article","@id":"https:\/\/cortartec.net\/fr\/don-centre-de-readaptation-venant-en-aide-aux-personnes-blessees-dukraine\/#article","isPartOf":{"@id":"https:\/\/cortartec.net\/fr\/don-centre-de-readaptation-venant-en-aide-aux-personnes-blessees-dukraine\/"},"author":{"name":"cortartec","@id":"https:\/\/cortartec.net\/fr\/#\/schema\/person\/e738f9e9498c3f8037a19f7339eb74a4"},"headline":"Don \u2013 Centre de r\u00e9adaptation venant en aide aux personnes bless\u00e9es d&rsquo;Ukraine","datePublished":"2024-12-04T14:35:03+00:00","dateModified":"2026-05-12T14:38:12+00:00","mainEntityOfPage":{"@id":"https:\/\/cortartec.net\/fr\/don-centre-de-readaptation-venant-en-aide-aux-personnes-blessees-dukraine\/"},"wordCount":159,"commentCount":0,"image":{"@id":"https:\/\/cortartec.net\/fr\/don-centre-de-readaptation-venant-en-aide-aux-personnes-blessees-dukraine\/#primaryimage"},"thumbnailUrl":"https:\/\/cortartec.net\/wp-content\/uploads\/2024\/12\/cover1.jpg","keywords":["centrodereabilita\u00e7\u00e3o","helpua","ourem","portugal","refugiados","sistemadecortinashospitalares","ucrania"],"inLanguage":"fr-FR","potentialAction":[{"@type":"CommentAction","name":"Comment","target":["https:\/\/cortartec.net\/fr\/don-centre-de-readaptation-venant-en-aide-aux-personnes-blessees-dukraine\/#respond"]}]},{"@type":"WebPage","@id":"https:\/\/cortartec.net\/fr\/don-centre-de-readaptation-venant-en-aide-aux-personnes-blessees-dukraine\/","url":"https:\/\/cortartec.net\/fr\/don-centre-de-readaptation-venant-en-aide-aux-personnes-blessees-dukraine\/","name":"Don \u2013 Centre de r\u00e9adaptation venant en aide aux personnes bless\u00e9es d'Ukraine - Cortartec | Equipamentos para a constru\u00e7\u00e3o civil","isPartOf":{"@id":"https:\/\/cortartec.net\/fr\/#website"},"primaryImageOfPage":{"@id":"https:\/\/cortartec.net\/fr\/don-centre-de-readaptation-venant-en-aide-aux-personnes-blessees-dukraine\/#primaryimage"},"image":{"@id":"https:\/\/cortartec.net\/fr\/don-centre-de-readaptation-venant-en-aide-aux-personnes-blessees-dukraine\/#primaryimage"},"thumbnailUrl":"https:\/\/cortartec.net\/wp-content\/uploads\/2024\/12\/cover1.jpg","datePublished":"2024-12-04T14:35:03+00:00","dateModified":"2026-05-12T14:38:12+00:00","author":{"@id":"https:\/\/cortartec.net\/fr\/#\/schema\/person\/e738f9e9498c3f8037a19f7339eb74a4"},"breadcrumb":{"@id":"https:\/\/cortartec.net\/fr\/don-centre-de-readaptation-venant-en-aide-aux-personnes-blessees-dukraine\/#breadcrumb"},"inLanguage":"fr-FR","potentialAction":[{"@type":"ReadAction","target":["https:\/\/cortartec.net\/fr\/don-centre-de-readaptation-venant-en-aide-aux-personnes-blessees-dukraine\/"]}]},{"@type":"ImageObject","inLanguage":"fr-FR","@id":"https:\/\/cortartec.net\/fr\/don-centre-de-readaptation-venant-en-aide-aux-personnes-blessees-dukraine\/#primaryimage","url":"https:\/\/cortartec.net\/wp-content\/uploads\/2024\/12\/cover1.jpg","contentUrl":"https:\/\/cortartec.net\/wp-content\/uploads\/2024\/12\/cover1.jpg","width":900,"height":550},{"@type":"BreadcrumbList","@id":"https:\/\/cortartec.net\/fr\/don-centre-de-readaptation-venant-en-aide-aux-personnes-blessees-dukraine\/#breadcrumb","itemListElement":[{"@type":"ListItem","position":1,"name":"In\u00edcio","item":"https:\/\/cortartec.net\/fr\/"},{"@type":"ListItem","position":2,"name":"Don \u2013 Centre de r\u00e9adaptation venant en aide aux personnes bless\u00e9es d&#8217;Ukraine"}]},{"@type":"WebSite","@id":"https:\/\/cortartec.net\/fr\/#website","url":"https:\/\/cortartec.net\/fr\/","name":"Cortartec | Equipamentos para a constru\u00e7\u00e3o civil","description":"Engenharia Industrial","potentialAction":[{"@type":"SearchAction","target":{"@type":"EntryPoint","urlTemplate":"https:\/\/cortartec.net\/fr\/?s={search_term_string}"},"query-input":{"@type":"PropertyValueSpecification","valueRequired":true,"valueName":"search_term_string"}}],"inLanguage":"fr-FR"},{"@type":"Person","@id":"https:\/\/cortartec.net\/fr\/#\/schema\/person\/e738f9e9498c3f8037a19f7339eb74a4","name":"cortartec","image":{"@type":"ImageObject","inLanguage":"fr-FR","@id":"https:\/\/secure.gravatar.com\/avatar\/0f6a6cadce8877b5113273b964eb499d3dcb38c0b4205c07ad61b02c676ed1c1?s=96&d=mm&r=g","url":"https:\/\/secure.gravatar.com\/avatar\/0f6a6cadce8877b5113273b964eb499d3dcb38c0b4205c07ad61b02c676ed1c1?s=96&d=mm&r=g","contentUrl":"https:\/\/secure.gravatar.com\/avatar\/0f6a6cadce8877b5113273b964eb499d3dcb38c0b4205c07ad61b02c676ed1c1?s=96&d=mm&r=g","caption":"cortartec"},"sameAs":["https:\/\/cortartec.net"],"url":"https:\/\/cortartec.net\/fr\/author\/cortartec\/"}]}},"_links":{"self":[{"href":"https:\/\/cortartec.net\/fr\/wp-json\/wp\/v2\/posts\/36149","targetHints":{"allow":["GET"]}}],"collection":[{"href":"https:\/\/cortartec.net\/fr\/wp-json\/wp\/v2\/posts"}],"about":[{"href":"https:\/\/cortartec.net\/fr\/wp-json\/wp\/v2\/types\/post"}],"author":[{"embeddable":true,"href":"https:\/\/cortartec.net\/fr\/wp-json\/wp\/v2\/users\/1"}],"replies":[{"embeddable":true,"href":"https:\/\/cortartec.net\/fr\/wp-json\/wp\/v2\/comments?post=36149"}],"version-history":[{"count":2,"href":"https:\/\/cortartec.net\/fr\/wp-json\/wp\/v2\/posts\/36149\/revisions"}],"predecessor-version":[{"id":36163,"href":"https:\/\/cortartec.net\/fr\/wp-json\/wp\/v2\/posts\/36149\/revisions\/36163"}],"wp:featuredmedia":[{"embeddable":true,"href":"https:\/\/cortartec.net\/fr\/wp-json\/wp\/v2\/media\/36150"}],"wp:attachment":[{"href":"https:\/\/cortartec.net\/fr\/wp-json\/wp\/v2\/media?parent=36149"}],"wp:term":[{"taxonomy":"category","embeddable":true,"href":"https:\/\/cortartec.net\/fr\/wp-json\/wp\/v2\/categories?post=36149"},{"taxonomy":"post_tag","embeddable":true,"href":"https:\/\/cortartec.net\/fr\/wp-json\/wp\/v2\/tags?post=36149"}],"curies":[{"name":"wp","href":"https:\/\/api.w.org\/{rel}","templated":true}]}}