{"id":36151,"date":"2024-06-04T14:36:02","date_gmt":"2024-06-04T14:36:02","guid":{"rendered":"https:\/\/cortartec.net\/2024\/06\/04\/garantimos-apoio-aos-seus-projetos-corta-fogo\/"},"modified":"2026-05-12T14:38:24","modified_gmt":"2026-05-12T14:38:24","slug":"nous-garantissons-notre-soutien-pour-vos-projets-de-pare-feu","status":"publish","type":"post","link":"https:\/\/cortartec.net\/fr\/nous-garantissons-notre-soutien-pour-vos-projets-de-pare-feu\/","title":{"rendered":"Nous garantissons notre soutien pour vos projets de pare-feu !"},"content":{"rendered":"<p>Nous proposons une vaste gamme d&rsquo;adh\u00e9sifs, de mastics et de produits d&rsquo;\u00e9tanch\u00e9it\u00e9 ignifuges compatibles avec de nombreux mat\u00e9riaux. D\u00e9couvrez notre gamme compl\u00e8te d&rsquo;adh\u00e9sifs, de mastics, de panneaux, de rev\u00eatements, de grilles et de produits d&rsquo;\u00e9tanch\u00e9it\u00e9. Les produits et syst\u00e8mes de protection passive contre l&rsquo;incendie CORTARTEC sont soumis \u00e0 des contr\u00f4les de qualit\u00e9 rigoureux \u00e0 chaque \u00e9tape de leur fabrication, garantissant ainsi leur position de leader dans le domaine de la protection incendie.<\/p>\n","protected":false},"excerpt":{"rendered":"<p>Nous proposons une vaste gamme d&rsquo;adh\u00e9sifs, de mastics et de produits d&rsquo;\u00e9tanch\u00e9it\u00e9 ignifuges compatibles avec de nombreux mat\u00e9riaux. D\u00e9couvrez notre<\/p>\n","protected":false},"author":1,"featured_media":36152,"comment_status":"open","ping_status":"open","sticky":false,"template":"","format":"standard","meta":{"footnotes":""},"categories":[264],"tags":[],"class_list":["post-36151","post","type-post","status-publish","format-standard","has-post-thumbnail","hentry","category-non-classe"],"yoast_head":"<!-- This site is optimized with the Yoast SEO plugin v28.4 - https:\/\/yoast.com\/product\/yoast-seo-wordpress\/ -->\n<title>Nous garantissons notre soutien pour vos projets de pare-feu ! - Cortartec | Equipamentos para a constru\u00e7\u00e3o civil<\/title>\n<meta name=\"robots\" content=\"index, follow, max-snippet:-1, max-image-preview:large, max-video-preview:-1\" \/>\n<link rel=\"canonical\" href=\"https:\/\/cortartec.net\/fr\/nous-garantissons-notre-soutien-pour-vos-projets-de-pare-feu\/\" \/>\n<meta property=\"og:locale\" content=\"fr_FR\" \/>\n<meta property=\"og:type\" content=\"article\" \/>\n<meta property=\"og:title\" content=\"Nous garantissons notre soutien pour vos projets de pare-feu ! - Cortartec | Equipamentos para a constru\u00e7\u00e3o civil\" \/>\n<meta property=\"og:description\" content=\"Nous proposons une vaste gamme d&rsquo;adh\u00e9sifs, de mastics et de produits d&rsquo;\u00e9tanch\u00e9it\u00e9 ignifuges compatibles avec de nombreux mat\u00e9riaux. D\u00e9couvrez notre\" \/>\n<meta property=\"og:url\" content=\"https:\/\/cortartec.net\/fr\/nous-garantissons-notre-soutien-pour-vos-projets-de-pare-feu\/\" \/>\n<meta property=\"og:site_name\" content=\"Cortartec | Equipamentos para a constru\u00e7\u00e3o civil\" \/>\n<meta property=\"article:published_time\" content=\"2024-06-04T14:36:02+00:00\" \/>\n<meta property=\"article:modified_time\" content=\"2026-05-12T14:38:24+00:00\" \/>\n<meta property=\"og:image\" content=\"https:\/\/cortartec.net\/wp-content\/uploads\/2024\/12\/fogos.jpg\" \/>\n\t<meta property=\"og:image:width\" content=\"900\" \/>\n\t<meta property=\"og:image:height\" content=\"550\" \/>\n\t<meta property=\"og:image:type\" content=\"image\/jpeg\" \/>\n<meta name=\"author\" content=\"cortartec\" \/>\n<meta name=\"twitter:card\" content=\"summary_large_image\" \/>\n<meta name=\"twitter:label1\" content=\"\u00c9crit par\" \/>\n\t<meta name=\"twitter:data1\" content=\"cortartec\" \/>\n\t<meta name=\"twitter:label2\" content=\"Dur\u00e9e de lecture estim\u00e9e\" \/>\n\t<meta name=\"twitter:data2\" content=\"1 minute\" \/>\n<script type=\"application\/ld+json\" class=\"yoast-schema-graph\">{\"@context\":\"https:\\\/\\\/schema.org\",\"@graph\":[{\"@type\":\"Article\",\"@id\":\"https:\\\/\\\/cortartec.net\\\/fr\\\/nous-garantissons-notre-soutien-pour-vos-projets-de-pare-feu\\\/#article\",\"isPartOf\":{\"@id\":\"https:\\\/\\\/cortartec.net\\\/fr\\\/nous-garantissons-notre-soutien-pour-vos-projets-de-pare-feu\\\/\"},\"author\":{\"name\":\"cortartec\",\"@id\":\"https:\\\/\\\/cortartec.net\\\/fr\\\/#\\\/schema\\\/person\\\/e738f9e9498c3f8037a19f7339eb74a4\"},\"headline\":\"Nous garantissons notre soutien pour vos projets de pare-feu !\",\"datePublished\":\"2024-06-04T14:36:02+00:00\",\"dateModified\":\"2026-05-12T14:38:24+00:00\",\"mainEntityOfPage\":{\"@id\":\"https:\\\/\\\/cortartec.net\\\/fr\\\/nous-garantissons-notre-soutien-pour-vos-projets-de-pare-feu\\\/\"},\"wordCount\":94,\"commentCount\":0,\"image\":{\"@id\":\"https:\\\/\\\/cortartec.net\\\/fr\\\/nous-garantissons-notre-soutien-pour-vos-projets-de-pare-feu\\\/#primaryimage\"},\"thumbnailUrl\":\"https:\\\/\\\/cortartec.net\\\/wp-content\\\/uploads\\\/2024\\\/12\\\/fogos.jpg\",\"inLanguage\":\"fr-FR\",\"potentialAction\":[{\"@type\":\"CommentAction\",\"name\":\"Comment\",\"target\":[\"https:\\\/\\\/cortartec.net\\\/fr\\\/nous-garantissons-notre-soutien-pour-vos-projets-de-pare-feu\\\/#respond\"]}]},{\"@type\":\"WebPage\",\"@id\":\"https:\\\/\\\/cortartec.net\\\/fr\\\/nous-garantissons-notre-soutien-pour-vos-projets-de-pare-feu\\\/\",\"url\":\"https:\\\/\\\/cortartec.net\\\/fr\\\/nous-garantissons-notre-soutien-pour-vos-projets-de-pare-feu\\\/\",\"name\":\"Nous garantissons notre soutien pour vos projets de pare-feu ! - Cortartec | Equipamentos para a constru\u00e7\u00e3o civil\",\"isPartOf\":{\"@id\":\"https:\\\/\\\/cortartec.net\\\/fr\\\/#website\"},\"primaryImageOfPage\":{\"@id\":\"https:\\\/\\\/cortartec.net\\\/fr\\\/nous-garantissons-notre-soutien-pour-vos-projets-de-pare-feu\\\/#primaryimage\"},\"image\":{\"@id\":\"https:\\\/\\\/cortartec.net\\\/fr\\\/nous-garantissons-notre-soutien-pour-vos-projets-de-pare-feu\\\/#primaryimage\"},\"thumbnailUrl\":\"https:\\\/\\\/cortartec.net\\\/wp-content\\\/uploads\\\/2024\\\/12\\\/fogos.jpg\",\"datePublished\":\"2024-06-04T14:36:02+00:00\",\"dateModified\":\"2026-05-12T14:38:24+00:00\",\"author\":{\"@id\":\"https:\\\/\\\/cortartec.net\\\/fr\\\/#\\\/schema\\\/person\\\/e738f9e9498c3f8037a19f7339eb74a4\"},\"breadcrumb\":{\"@id\":\"https:\\\/\\\/cortartec.net\\\/fr\\\/nous-garantissons-notre-soutien-pour-vos-projets-de-pare-feu\\\/#breadcrumb\"},\"inLanguage\":\"fr-FR\",\"potentialAction\":[{\"@type\":\"ReadAction\",\"target\":[\"https:\\\/\\\/cortartec.net\\\/fr\\\/nous-garantissons-notre-soutien-pour-vos-projets-de-pare-feu\\\/\"]}]},{\"@type\":\"ImageObject\",\"inLanguage\":\"fr-FR\",\"@id\":\"https:\\\/\\\/cortartec.net\\\/fr\\\/nous-garantissons-notre-soutien-pour-vos-projets-de-pare-feu\\\/#primaryimage\",\"url\":\"https:\\\/\\\/cortartec.net\\\/wp-content\\\/uploads\\\/2024\\\/12\\\/fogos.jpg\",\"contentUrl\":\"https:\\\/\\\/cortartec.net\\\/wp-content\\\/uploads\\\/2024\\\/12\\\/fogos.jpg\",\"width\":900,\"height\":550},{\"@type\":\"BreadcrumbList\",\"@id\":\"https:\\\/\\\/cortartec.net\\\/fr\\\/nous-garantissons-notre-soutien-pour-vos-projets-de-pare-feu\\\/#breadcrumb\",\"itemListElement\":[{\"@type\":\"ListItem\",\"position\":1,\"name\":\"In\u00edcio\",\"item\":\"https:\\\/\\\/cortartec.net\\\/fr\\\/\"},{\"@type\":\"ListItem\",\"position\":2,\"name\":\"Nous garantissons notre soutien pour vos projets de pare-feu !\"}]},{\"@type\":\"WebSite\",\"@id\":\"https:\\\/\\\/cortartec.net\\\/fr\\\/#website\",\"url\":\"https:\\\/\\\/cortartec.net\\\/fr\\\/\",\"name\":\"Cortartec | Equipamentos para a constru\u00e7\u00e3o civil\",\"description\":\"Engenharia Industrial\",\"potentialAction\":[{\"@type\":\"SearchAction\",\"target\":{\"@type\":\"EntryPoint\",\"urlTemplate\":\"https:\\\/\\\/cortartec.net\\\/fr\\\/?s={search_term_string}\"},\"query-input\":{\"@type\":\"PropertyValueSpecification\",\"valueRequired\":true,\"valueName\":\"search_term_string\"}}],\"inLanguage\":\"fr-FR\"},{\"@type\":\"Person\",\"@id\":\"https:\\\/\\\/cortartec.net\\\/fr\\\/#\\\/schema\\\/person\\\/e738f9e9498c3f8037a19f7339eb74a4\",\"name\":\"cortartec\",\"image\":{\"@type\":\"ImageObject\",\"inLanguage\":\"fr-FR\",\"@id\":\"https:\\\/\\\/secure.gravatar.com\\\/avatar\\\/0f6a6cadce8877b5113273b964eb499d3dcb38c0b4205c07ad61b02c676ed1c1?s=96&d=mm&r=g\",\"url\":\"https:\\\/\\\/secure.gravatar.com\\\/avatar\\\/0f6a6cadce8877b5113273b964eb499d3dcb38c0b4205c07ad61b02c676ed1c1?s=96&d=mm&r=g\",\"contentUrl\":\"https:\\\/\\\/secure.gravatar.com\\\/avatar\\\/0f6a6cadce8877b5113273b964eb499d3dcb38c0b4205c07ad61b02c676ed1c1?s=96&d=mm&r=g\",\"caption\":\"cortartec\"},\"sameAs\":[\"https:\\\/\\\/cortartec.net\"],\"url\":\"https:\\\/\\\/cortartec.net\\\/fr\\\/author\\\/cortartec\\\/\"}]}<\/script>\n<!-- \/ Yoast SEO plugin. -->","yoast_head_json":{"title":"Nous garantissons notre soutien pour vos projets de pare-feu ! - Cortartec | Equipamentos para a constru\u00e7\u00e3o civil","robots":{"index":"index","follow":"follow","max-snippet":"max-snippet:-1","max-image-preview":"max-image-preview:large","max-video-preview":"max-video-preview:-1"},"canonical":"https:\/\/cortartec.net\/fr\/nous-garantissons-notre-soutien-pour-vos-projets-de-pare-feu\/","og_locale":"fr_FR","og_type":"article","og_title":"Nous garantissons notre soutien pour vos projets de pare-feu ! - Cortartec | Equipamentos para a constru\u00e7\u00e3o civil","og_description":"Nous proposons une vaste gamme d&rsquo;adh\u00e9sifs, de mastics et de produits d&rsquo;\u00e9tanch\u00e9it\u00e9 ignifuges compatibles avec de nombreux mat\u00e9riaux. D\u00e9couvrez notre","og_url":"https:\/\/cortartec.net\/fr\/nous-garantissons-notre-soutien-pour-vos-projets-de-pare-feu\/","og_site_name":"Cortartec | Equipamentos para a constru\u00e7\u00e3o civil","article_published_time":"2024-06-04T14:36:02+00:00","article_modified_time":"2026-05-12T14:38:24+00:00","og_image":[{"width":900,"height":550,"url":"https:\/\/cortartec.net\/wp-content\/uploads\/2024\/12\/fogos.jpg","type":"image\/jpeg"}],"author":"cortartec","twitter_card":"summary_large_image","twitter_misc":{"\u00c9crit par":"cortartec","Dur\u00e9e de lecture estim\u00e9e":"1 minute"},"schema":{"@context":"https:\/\/schema.org","@graph":[{"@type":"Article","@id":"https:\/\/cortartec.net\/fr\/nous-garantissons-notre-soutien-pour-vos-projets-de-pare-feu\/#article","isPartOf":{"@id":"https:\/\/cortartec.net\/fr\/nous-garantissons-notre-soutien-pour-vos-projets-de-pare-feu\/"},"author":{"name":"cortartec","@id":"https:\/\/cortartec.net\/fr\/#\/schema\/person\/e738f9e9498c3f8037a19f7339eb74a4"},"headline":"Nous garantissons notre soutien pour vos projets de pare-feu !","datePublished":"2024-06-04T14:36:02+00:00","dateModified":"2026-05-12T14:38:24+00:00","mainEntityOfPage":{"@id":"https:\/\/cortartec.net\/fr\/nous-garantissons-notre-soutien-pour-vos-projets-de-pare-feu\/"},"wordCount":94,"commentCount":0,"image":{"@id":"https:\/\/cortartec.net\/fr\/nous-garantissons-notre-soutien-pour-vos-projets-de-pare-feu\/#primaryimage"},"thumbnailUrl":"https:\/\/cortartec.net\/wp-content\/uploads\/2024\/12\/fogos.jpg","inLanguage":"fr-FR","potentialAction":[{"@type":"CommentAction","name":"Comment","target":["https:\/\/cortartec.net\/fr\/nous-garantissons-notre-soutien-pour-vos-projets-de-pare-feu\/#respond"]}]},{"@type":"WebPage","@id":"https:\/\/cortartec.net\/fr\/nous-garantissons-notre-soutien-pour-vos-projets-de-pare-feu\/","url":"https:\/\/cortartec.net\/fr\/nous-garantissons-notre-soutien-pour-vos-projets-de-pare-feu\/","name":"Nous garantissons notre soutien pour vos projets de pare-feu ! - Cortartec | Equipamentos para a constru\u00e7\u00e3o civil","isPartOf":{"@id":"https:\/\/cortartec.net\/fr\/#website"},"primaryImageOfPage":{"@id":"https:\/\/cortartec.net\/fr\/nous-garantissons-notre-soutien-pour-vos-projets-de-pare-feu\/#primaryimage"},"image":{"@id":"https:\/\/cortartec.net\/fr\/nous-garantissons-notre-soutien-pour-vos-projets-de-pare-feu\/#primaryimage"},"thumbnailUrl":"https:\/\/cortartec.net\/wp-content\/uploads\/2024\/12\/fogos.jpg","datePublished":"2024-06-04T14:36:02+00:00","dateModified":"2026-05-12T14:38:24+00:00","author":{"@id":"https:\/\/cortartec.net\/fr\/#\/schema\/person\/e738f9e9498c3f8037a19f7339eb74a4"},"breadcrumb":{"@id":"https:\/\/cortartec.net\/fr\/nous-garantissons-notre-soutien-pour-vos-projets-de-pare-feu\/#breadcrumb"},"inLanguage":"fr-FR","potentialAction":[{"@type":"ReadAction","target":["https:\/\/cortartec.net\/fr\/nous-garantissons-notre-soutien-pour-vos-projets-de-pare-feu\/"]}]},{"@type":"ImageObject","inLanguage":"fr-FR","@id":"https:\/\/cortartec.net\/fr\/nous-garantissons-notre-soutien-pour-vos-projets-de-pare-feu\/#primaryimage","url":"https:\/\/cortartec.net\/wp-content\/uploads\/2024\/12\/fogos.jpg","contentUrl":"https:\/\/cortartec.net\/wp-content\/uploads\/2024\/12\/fogos.jpg","width":900,"height":550},{"@type":"BreadcrumbList","@id":"https:\/\/cortartec.net\/fr\/nous-garantissons-notre-soutien-pour-vos-projets-de-pare-feu\/#breadcrumb","itemListElement":[{"@type":"ListItem","position":1,"name":"In\u00edcio","item":"https:\/\/cortartec.net\/fr\/"},{"@type":"ListItem","position":2,"name":"Nous garantissons notre soutien pour vos projets de pare-feu !"}]},{"@type":"WebSite","@id":"https:\/\/cortartec.net\/fr\/#website","url":"https:\/\/cortartec.net\/fr\/","name":"Cortartec | Equipamentos para a constru\u00e7\u00e3o civil","description":"Engenharia Industrial","potentialAction":[{"@type":"SearchAction","target":{"@type":"EntryPoint","urlTemplate":"https:\/\/cortartec.net\/fr\/?s={search_term_string}"},"query-input":{"@type":"PropertyValueSpecification","valueRequired":true,"valueName":"search_term_string"}}],"inLanguage":"fr-FR"},{"@type":"Person","@id":"https:\/\/cortartec.net\/fr\/#\/schema\/person\/e738f9e9498c3f8037a19f7339eb74a4","name":"cortartec","image":{"@type":"ImageObject","inLanguage":"fr-FR","@id":"https:\/\/secure.gravatar.com\/avatar\/0f6a6cadce8877b5113273b964eb499d3dcb38c0b4205c07ad61b02c676ed1c1?s=96&d=mm&r=g","url":"https:\/\/secure.gravatar.com\/avatar\/0f6a6cadce8877b5113273b964eb499d3dcb38c0b4205c07ad61b02c676ed1c1?s=96&d=mm&r=g","contentUrl":"https:\/\/secure.gravatar.com\/avatar\/0f6a6cadce8877b5113273b964eb499d3dcb38c0b4205c07ad61b02c676ed1c1?s=96&d=mm&r=g","caption":"cortartec"},"sameAs":["https:\/\/cortartec.net"],"url":"https:\/\/cortartec.net\/fr\/author\/cortartec\/"}]}},"_links":{"self":[{"href":"https:\/\/cortartec.net\/fr\/wp-json\/wp\/v2\/posts\/36151","targetHints":{"allow":["GET"]}}],"collection":[{"href":"https:\/\/cortartec.net\/fr\/wp-json\/wp\/v2\/posts"}],"about":[{"href":"https:\/\/cortartec.net\/fr\/wp-json\/wp\/v2\/types\/post"}],"author":[{"embeddable":true,"href":"https:\/\/cortartec.net\/fr\/wp-json\/wp\/v2\/users\/1"}],"replies":[{"embeddable":true,"href":"https:\/\/cortartec.net\/fr\/wp-json\/wp\/v2\/comments?post=36151"}],"version-history":[{"count":2,"href":"https:\/\/cortartec.net\/fr\/wp-json\/wp\/v2\/posts\/36151\/revisions"}],"predecessor-version":[{"id":36164,"href":"https:\/\/cortartec.net\/fr\/wp-json\/wp\/v2\/posts\/36151\/revisions\/36164"}],"wp:featuredmedia":[{"embeddable":true,"href":"https:\/\/cortartec.net\/fr\/wp-json\/wp\/v2\/media\/36152"}],"wp:attachment":[{"href":"https:\/\/cortartec.net\/fr\/wp-json\/wp\/v2\/media?parent=36151"}],"wp:term":[{"taxonomy":"category","embeddable":true,"href":"https:\/\/cortartec.net\/fr\/wp-json\/wp\/v2\/categories?post=36151"},{"taxonomy":"post_tag","embeddable":true,"href":"https:\/\/cortartec.net\/fr\/wp-json\/wp\/v2\/tags?post=36151"}],"curies":[{"name":"wp","href":"https:\/\/api.w.org\/{rel}","templated":true}]}}